{"id":164,"date":"2016-10-25T19:01:08","date_gmt":"2016-10-25T18:01:08","guid":{"rendered":"http:\/\/blog.hecht.ovh\/?p=164"},"modified":"2016-12-14T19:32:26","modified_gmt":"2016-12-14T18:32:26","slug":"25-10-preparation-des-sols","status":"publish","type":"post","link":"http:\/\/blog.hecht.ovh\/?p=164","title":{"rendered":"25 \u2013 10 pr\u00e9paration des sols"},"content":{"rendered":"<p>Bonjour,<\/p>\n<p>Ce matin on commence en compagnie de Ma\u00ebl et Alicia a ramasser tous les gravas de la dalle cass\u00e9e. Et c&rsquo;est un vrai boulot !<\/p>\n<p><a href=\"http:\/\/blog.hecht.ovh\/wp-content\/uploads\/2016\/10\/IMG_20161025_173720.jpg\"><img loading=\"lazy\" decoding=\"async\" class=\"alignnone wp-image-158\" src=\"http:\/\/blog.hecht.ovh\/wp-content\/uploads\/2016\/10\/IMG_20161025_173720-300x225.jpg\" alt=\"img_20161025_173720\" width=\"684\" height=\"513\" \/><\/a><\/p>\n<p>On a aussi attaqu\u00e9 le c\u00f4t\u00e9 inverse, d\u00e9blay\u00e9 les plus gros gravas et \u00e9tal\u00e9 la terre en pr\u00e9paration de la dalle. Il restera plus qu&rsquo;a combler avec du sable (qu&rsquo;on a r\u00e9cup\u00e9r\u00e9 du dessous des carrelages b\u00e9ton).<\/p>\n<p><a href=\"http:\/\/blog.hecht.ovh\/wp-content\/uploads\/2016\/10\/IMG_20161025_173812.jpg\"><img loading=\"lazy\" decoding=\"async\" class=\"alignnone wp-image-150\" src=\"http:\/\/blog.hecht.ovh\/wp-content\/uploads\/2016\/10\/IMG_20161025_173812-300x225.jpg\" alt=\"img_20161025_173812\" width=\"644\" height=\"483\" \/><\/a><\/p>\n","protected":false},"excerpt":{"rendered":"<p>Bonjour, Ce matin on commence en compagnie de Ma\u00ebl et Alicia a ramasser tous les gravas de la dalle cass\u00e9e. Et c&rsquo;est un vrai boulot ! On a aussi attaqu\u00e9 le c\u00f4t\u00e9 inverse, d\u00e9blay\u00e9&#46;&#46;&#46;<\/p>\n","protected":false},"author":2,"featured_media":520,"comment_status":"open","ping_status":"open","sticky":false,"template":"","format":"standard","meta":{"footnotes":""},"categories":[1],"tags":[],"class_list":["post-164","post","type-post","status-publish","format-standard","has-post-thumbnail","hentry","category-non-classe"],"_links":{"self":[{"href":"http:\/\/blog.hecht.ovh\/index.php?rest_route=\/wp\/v2\/posts\/164","targetHints":{"allow":["GET"]}}],"collection":[{"href":"http:\/\/blog.hecht.ovh\/index.php?rest_route=\/wp\/v2\/posts"}],"about":[{"href":"http:\/\/blog.hecht.ovh\/index.php?rest_route=\/wp\/v2\/types\/post"}],"author":[{"embeddable":true,"href":"http:\/\/blog.hecht.ovh\/index.php?rest_route=\/wp\/v2\/users\/2"}],"replies":[{"embeddable":true,"href":"http:\/\/blog.hecht.ovh\/index.php?rest_route=%2Fwp%2Fv2%2Fcomments&post=164"}],"version-history":[{"count":1,"href":"http:\/\/blog.hecht.ovh\/index.php?rest_route=\/wp\/v2\/posts\/164\/revisions"}],"predecessor-version":[{"id":522,"href":"http:\/\/blog.hecht.ovh\/index.php?rest_route=\/wp\/v2\/posts\/164\/revisions\/522"}],"wp:featuredmedia":[{"embeddable":true,"href":"http:\/\/blog.hecht.ovh\/index.php?rest_route=\/wp\/v2\/media\/520"}],"wp:attachment":[{"href":"http:\/\/blog.hecht.ovh\/index.php?rest_route=%2Fwp%2Fv2%2Fmedia&parent=164"}],"wp:term":[{"taxonomy":"category","embeddable":true,"href":"http:\/\/blog.hecht.ovh\/index.php?rest_route=%2Fwp%2Fv2%2Fcategories&post=164"},{"taxonomy":"post_tag","embeddable":true,"href":"http:\/\/blog.hecht.ovh\/index.php?rest_route=%2Fwp%2Fv2%2Ftags&post=164"}],"curies":[{"name":"wp","href":"https:\/\/api.w.org\/{rel}","templated":true}]}}